{"id":771,"date":"2023-10-21T07:21:11","date_gmt":"2023-10-21T07:21:11","guid":{"rendered":"https:\/\/www.tekol.com.tr\/?p=771"},"modified":"2024-08-13T13:48:10","modified_gmt":"2024-08-13T13:48:10","slug":"trafo-guc-arttirimi-izmir","status":"publish","type":"post","link":"https:\/\/www.tekol.com.tr\/en\/trafo-guc-arttirimi-izmir\/","title":{"rendered":"Trafo G\u00fc\u00e7 Artt\u0131r\u0131m\u0131 \u0130zmir"},"content":{"rendered":"<p><strong>Trafo G\u00fc\u00e7 Artt\u0131r\u0131m\u0131 \u0130zmir <\/strong>denildi\u011finde ilk akla gelen profesyonel m\u00fchendis kadrosu ile hizmetinizdedir.<\/p>\n<p><strong>Trafo G\u00fc\u00e7 Artt\u0131r\u0131m\u0131 \u0130zmir <\/strong>Trafolar en genel anlam\u0131 ile enerjinin \u00e7e\u015fidini ve frekans ayarlar\u0131n\u0131 de\u011fi\u015ftirmeksizin yaln\u0131zca ak\u0131m ve gerilim de\u011ferlerini de\u011fi\u015ftiren elektrik makineleri olarak tan\u0131mlanabilirler. Transformat\u00f6rler gerilimin ve ak\u0131m de\u011ferlerinin \u00f6l\u00e7\u00fclmesi amac\u0131 ile \u00fcretiliyor. \u00dc\u00e7 farkl\u0131 ana yap\u0131ya sahip olan trafolarda hi\u00e7bir hareketli par\u00e7a bulunmuyor. Trafolar\u0131 olu\u015fturan ana yap\u0131lar: manyetik g\u00f6vde, primer sarg\u0131 ve sekonder sarg\u0131 yap\u0131lar\u0131d\u0131r. Trafolar\u0131n \u00fcretilme ama\u00e7lar\u0131 aras\u0131nda birden fazla neden say\u0131labilir. Bunlardan ilki de gerilim de\u011fi\u015fimi s\u0131ras\u0131nda ortaya \u00e7\u0131kan g\u00fcc\u00fcn sabit tutulmas\u0131d\u0131r. Bununla birlikte trafolar bu g\u00fcc\u00fc ihtiyaca g\u00f6re azaltabilir ya da y\u00fckseltebilirler. G\u00fc\u00e7 trafolar\u0131 kullan\u0131m alan\u0131 olarak da son derece geni\u015f trafo \u00e7e\u015fitleridir. <strong>Trafo g\u00fc\u00e7 artt\u0131r\u0131m\u0131<\/strong> da kullan\u0131m alanlar\u0131na g\u00f6re de\u011fi\u015fim g\u00f6steren bir durumdur.<\/p>\n<p>&nbsp;<\/p>\n<h2><strong>Trafolarda G\u00fc\u00e7 Artt\u0131r\u0131m\u0131 Neden Gereklidir?<\/strong><\/h2>\n<p><strong>Trafo G\u00fc\u00e7 Artt\u0131r\u0131m\u0131 \u0130zmir <\/strong>Elektrik enerjisini bir \u015fekilde kontrol alt\u0131nda tutmaya yarayan trafolar zaman zaman g\u00fc\u00e7 artt\u0131r\u0131m\u0131 ihtiyac\u0131 duyan sistemlerdir. \u00d6zellikle <strong>trafo g\u00fc\u00e7 artt\u0131r\u0131m\u0131<\/strong> elektrik enerjisinin yeterli olmad\u0131\u011f\u0131 durumlarda yap\u0131lan bir i\u015flemdir. \u00d6zellikle \u00e7ok katl\u0131 binalar\u0131n yo\u011fun oldu\u011fu yerlerde ya da b\u00fcy\u00fck sanayi sitelerinde g\u00fc\u00e7 artt\u0131r\u0131m\u0131 olduk\u00e7a \u00f6nemlidir. T\u00fcm cihazlar\u0131n ve makinelerin ayn\u0131 anda \u00e7al\u0131\u015fmas\u0131, elektrik enerjisine birden y\u00fcklenilmesi durumunda gelen enerji y\u00fck\u00fc kald\u0131rmayabiliyor. B\u00f6yle zamanlarda <strong>trafo g\u00fc\u00e7 artt\u0131r\u0131m\u0131<\/strong> uygulamas\u0131 yap\u0131l\u0131yor.<\/p>\n<p>&nbsp;<\/p>\n<h3><strong>Trafolar\u0131n \u00c7e\u015fitleri Nelerdir?<\/strong><\/h3>\n<p><strong>Trafo G\u00fc\u00e7 Artt\u0131r\u0131m\u0131 \u0130zmir <\/strong>Trafolar \u00e7e\u015fit bak\u0131m\u0131ndan olduk\u00e7a geni\u015f bir yelpazede incelenebilir. Her bir trafo modeli kendi i\u00e7erisinde farkl\u0131 kullan\u0131m alanlar\u0131na ayr\u0131l\u0131rlar. Trafo \u00e7e\u015fitleri:<\/p>\n<ul>\n<li>Kullan\u0131m amac\u0131na g\u00f6re transformat\u00f6r \u00e7e\u015fitleri<\/li>\n<li>Faz say\u0131s\u0131na g\u00f6re \u00e7e\u015fitler<\/li>\n<li>N\u00fcve tipine g\u00f6re \u00e7e\u015fitler<\/li>\n<li>So\u011futma tipine g\u00f6re transformat\u00f6r \u00e7e\u015fitleridir.<\/li>\n<\/ul>\n<p><strong>Trafo G\u00fc\u00e7 Artt\u0131r\u0131m\u0131 \u0130zmir <\/strong>Bunlar da kendi i\u00e7in da \u00e7ok farkl\u0131 kategorilere ayr\u0131lan trafolard\u0131r. Kullan\u0131m amac\u0131na g\u00f6re trafo \u00e7e\u015fitleri; d\u00fc\u015f\u00fcr\u00fcc\u00fc, y\u00fckseltici trafo \u00e7e\u015fitleri, \u00f6l\u00e7\u00fc trafolar, yal\u0131t\u0131m ve oto trafolar\u0131d\u0131r. Faz say\u0131s\u0131na g\u00f6re ise; tek fazl\u0131 trafolar ve \u00e7ok fazl\u0131 trafolar olarak ikiye ayr\u0131l\u0131rlar. N\u00fcve tipine g\u00f6re olanlar \u00e7ekirdek tipi, mantel tip, da\u011f\u0131t\u0131lm\u0131\u015f tip trafolard\u0131r. So\u011futma tipine g\u00f6re olan trafo \u00e7e\u015fitleri ise kuru tip trafolar ile ya\u011fl\u0131 tip trafo \u00e7e\u015fitleridir. Bu trafolar\u0131n her birinin kullan\u0131m yeri ve amac\u0131 birbirinden farkl\u0131d\u0131r.<\/p>\n<p><strong>trafo g\u00fc\u00e7 artt\u0131r\u0131m\u0131, trafo g\u00fc\u00e7 artt\u0131r\u0131m\u0131 izmir, izmir trafo g\u00fc\u00e7 artt\u0131r\u0131m\u0131, trafo g\u00fc\u00e7 artt\u0131r\u0131m\u0131 firmalar\u0131 izmir, trafo g\u00fc\u00e7 artt\u0131r\u0131m\u0131 yapan firmalar izmir<\/strong><\/p>","protected":false},"excerpt":{"rendered":"<p>Trafo G\u00fc\u00e7 Artt\u0131r\u0131m\u0131 \u0130zmir denildi\u011finde ilk akla gelen profesyonel m\u00fchendis kadrosu ile hizmetinizdedir. Trafo G\u00fc\u00e7 Artt\u0131r\u0131m\u0131 \u0130zmir Trafolar en genel anlam\u0131 ile enerjinin \u00e7e\u015fidini ve frekans ayarlar\u0131n\u0131 de\u011fi\u015ftirmeksizin yaln\u0131zca ak\u0131m ve gerilim de\u011ferlerini de\u011fi\u015ftiren elektrik makineleri olarak tan\u0131mlanabilirler. Transformat\u00f6rler gerilimin ve ak\u0131m de\u011ferlerinin \u00f6l\u00e7\u00fclmesi amac\u0131 ile \u00fcretiliyor. \u00dc\u00e7 farkl\u0131 ana yap\u0131ya sahip olan trafolarda hi\u00e7bir [&hellip;]<\/p>","protected":false},"author":1,"featured_media":994,"comment_status":"open","ping_status":"open","sticky":false,"template":"","format":"standard","meta":{"footnotes":""},"categories":[1,11],"tags":[22,23,24,25,26],"class_list":{"0":"post-771","1":"post","2":"type-post","3":"status-publish","4":"format-standard","5":"has-post-thumbnail","7":"category-haberler","8":"category-trafo-guc-arttirimi","9":"tag-izmir-trafo-guc-arttirimi","10":"tag-trafo-guc-arttirimi","11":"tag-trafo-guc-arttirimi-firmalari-izmir","12":"tag-trafo-guc-arttirimi-izmir","13":"tag-trafo-guc-arttirimi-yapan-firmalar-izmir"},"_links":{"self":[{"href":"https:\/\/www.tekol.com.tr\/en\/wp-json\/wp\/v2\/posts\/771","targetHints":{"allow":["GET"]}}],"collection":[{"href":"https:\/\/www.tekol.com.tr\/en\/wp-json\/wp\/v2\/posts"}],"about":[{"href":"https:\/\/www.tekol.com.tr\/en\/wp-json\/wp\/v2\/types\/post"}],"author":[{"embeddable":true,"href":"https:\/\/www.tekol.com.tr\/en\/wp-json\/wp\/v2\/users\/1"}],"replies":[{"embeddable":true,"href":"https:\/\/www.tekol.com.tr\/en\/wp-json\/wp\/v2\/comments?post=771"}],"version-history":[{"count":3,"href":"https:\/\/www.tekol.com.tr\/en\/wp-json\/wp\/v2\/posts\/771\/revisions"}],"predecessor-version":[{"id":1221,"href":"https:\/\/www.tekol.com.tr\/en\/wp-json\/wp\/v2\/posts\/771\/revisions\/1221"}],"wp:featuredmedia":[{"embeddable":true,"href":"https:\/\/www.tekol.com.tr\/en\/wp-json\/wp\/v2\/media\/994"}],"wp:attachment":[{"href":"https:\/\/www.tekol.com.tr\/en\/wp-json\/wp\/v2\/media?parent=771"}],"wp:term":[{"taxonomy":"category","embeddable":true,"href":"https:\/\/www.tekol.com.tr\/en\/wp-json\/wp\/v2\/categories?post=771"},{"taxonomy":"post_tag","embeddable":true,"href":"https:\/\/www.tekol.com.tr\/en\/wp-json\/wp\/v2\/tags?post=771"}],"curies":[{"name":"wp","href":"https:\/\/api.w.org\/{rel}","templated":true}]}}